{"id":1147,"date":"2021-08-25T15:16:46","date_gmt":"2021-08-25T13:16:46","guid":{"rendered":"https:\/\/marine-oceans.com\/en\/?p=1147"},"modified":"2021-12-22T19:37:42","modified_gmt":"2021-12-22T18:37:42","slug":"interview-with-virginijus-sinkevicius-european-commissioner-for-the-environment-ocean-and-fisheries","status":"publish","type":"post","link":"https:\/\/marine-oceans.com\/en\/interview-with-virginijus-sinkevicius-european-commissioner-for-the-environment-ocean-and-fisheries\/","title":{"rendered":"Interview with Virginijus Sinkevic\u030cius, European Commissioner for the Environment, Ocean and Fisheries"},"content":{"rendered":"\n<p style=\"text-align: center;\"><em><strong>&#8220;Morocco and the European Union share a mutual ambition to protect marine biodiversity&#8221;<\/strong><\/em><\/p>\n<p style=\"text-align: center;\">Interview by Bertrand de Lesquen<\/p>\n<p style=\"text-align: center;\"><strong>\u00a0* * *<\/strong><\/p>\n<p style=\"text-align: justify;\"><strong>The European Union and Morocco are linked by a privileged partnership in the field of fisheries. What are the genesis and purpose of this agreement? <\/strong><\/p>\n<p style=\"text-align: justify;\">The<em> Sustainable Fisheries Partnership Agreement <\/em>between the European Union (UE) and Morocco has existed for thirty years, through a series of bilateral agreements and implementation protocols, the first dating from 1988, the most recent from July 18, 2019. These fisheries agreements create a governance partnership with Morocco in a key sectoral policy for both parties, and they fall within the broader framework of the EU\u2019s neighbourhood policy.<\/p>\n<p style=\"text-align: justify;\">The<em> Sustainable Fisheries Partnership Agreement<\/em> contributes to the promotion of good governance of fishing activities and to the Moroccan economy by strengthening the bilateral relations between Morocco and the European Union in the fishing and maritime sector. Its implementation provides fishing opportunities for EU vessels, while ensuring sustainable management of natural marine resources. The Agreement includes sectoral financial support targeting a number of projects, which are supporting the development of Morocco\u2019s maritime sector.<\/p>\n<p style=\"text-align: justify;\"><strong>The European Union and Morocco have a common objective of preserving marine biodiversity. How do the two partners ensure that this is achieved?<\/strong><\/p>\n<p style=\"text-align: justify;\">Morocco and the EU share a mutual ambition to protect and improve the management of our environment and natural resources. This enables us to articulate and work together on appropriate responses, in line with the United Nations\u2019 Agenda 2030 and its Sustainable Development Goals<sup><span style=\"color: #800000;\">(1)<\/span><\/sup>. For example, Morocco is currently involved in the AFRIMED project, funded by the European Maritime and Fisheries Fund (EMFF), a project, which aims to develop innovative preservation and conservation actions in order to restore damaged or degraded macroalgal forests (cystoseira).<\/p>\n<p style=\"text-align: justify;\">Morocco and the EU work together on biodiversity concerns in a number of regional forums. We are both active participants in the Initiative for the Development of a Blue Economy in the West Mediterranean <em>(WestMed Initiative)<\/em>, of which Morocco held the co-presidency during the period 2019-2020. Preserving biodiversity beyond just marine habitat conservation and restoration has been one of the priorities of the WestMed initiative, since the adoption in 2018 of the Framework for Action and the intergovernmental roadmap.<\/p>\n<p style=\"text-align: justify;\">Moreover, we are working closely together within the Union for the Mediterranean <em>(UfM)<\/em>. In the Union for the Mediterranean\u2019s Ministerial Declaration on sustainable blue economy adopted in February 2021, the EU and Morocco committed to increase the coverage of Marine Protected Areas in our waters. As part of the EU Biodiversity Strategy 2030, the EU Member States had already committed to protect 30% of their Exclusive Economic Zone.<\/p>\n<figure id=\"attachment_1148\" aria-describedby=\"caption-attachment-1148\" style=\"width: 1923px\" class=\"wp-caption alignright\"><img loading=\"lazy\" decoding=\"async\" class=\"size-full wp-image-1148\" src=\"https:\/\/marine-oceans.com\/en\/wp-content\/uploads\/sites\/3\/2021\/08\/Oualidia.jpg\" alt=\"\" width=\"1923\" height=\"982\" srcset=\"https:\/\/marine-oceans.com\/en\/wp-content\/uploads\/sites\/3\/2021\/08\/Oualidia.jpg 1923w, https:\/\/marine-oceans.com\/en\/wp-content\/uploads\/sites\/3\/2021\/08\/Oualidia-300x153.jpg 300w, https:\/\/marine-oceans.com\/en\/wp-content\/uploads\/sites\/3\/2021\/08\/Oualidia-1024x523.jpg 1024w, https:\/\/marine-oceans.com\/en\/wp-content\/uploads\/sites\/3\/2021\/08\/Oualidia-768x392.jpg 768w, https:\/\/marine-oceans.com\/en\/wp-content\/uploads\/sites\/3\/2021\/08\/Oualidia-1536x784.jpg 1536w, https:\/\/marine-oceans.com\/en\/wp-content\/uploads\/sites\/3\/2021\/08\/Oualidia-150x77.jpg 150w, https:\/\/marine-oceans.com\/en\/wp-content\/uploads\/sites\/3\/2021\/08\/Oualidia-696x355.jpg 696w, https:\/\/marine-oceans.com\/en\/wp-content\/uploads\/sites\/3\/2021\/08\/Oualidia-1068x545.jpg 1068w, https:\/\/marine-oceans.com\/en\/wp-content\/uploads\/sites\/3\/2021\/08\/Oualidia-1920x980.jpg 1920w, https:\/\/marine-oceans.com\/en\/wp-content\/uploads\/sites\/3\/2021\/08\/Oualidia-822x420.jpg 822w, https:\/\/marine-oceans.com\/en\/wp-content\/uploads\/sites\/3\/2021\/08\/Oualidia-600x306.jpg 600w\" sizes=\"auto, (max-width: 1923px) 100vw, 1923px\" \/><figcaption id=\"caption-attachment-1148\" class=\"wp-caption-text\"><span style=\"color: #800000;\">Lagoon of Oualidia. &#8220;Morocco and the European Union share a mutual ambition to protect marine biodiversity.&#8221; Virginijus Sinkevic\u030cius.<\/span><\/figcaption><\/figure>\n<p style=\"text-align: justify;\"><strong>The Mediterranean is one of the most polluted seas in the world. What actions are the European Union and Morocco taking to combat pollution, particularly plastic pollution?<\/strong><\/p>\n<p style=\"text-align: justify;\">Given our close proximity, cooperation is an essential component of our shared fight against pollution. Maritime safety and the fight against marine pollution are among the 10 agreed priorities under the WestMed Initiative\u2019s Framework for Action and the intergovernmental roadmap adopted in 2018. Morocco has also participated, for example in the WestMoPoCo project<sup><span style=\"color: #800000;\">(2)<\/span><\/sup>, financed by the EU, which is focused on preparedness for responding to chemical spills.<\/p>\n<p style=\"text-align: justify;\">The recent Union for the Mediterranean Ministerial Declaration on Sustainable Blue Economy, to which we are both signatories, includes a series of actions to reduce plastic and micro-plastic pollution in the Mediterranean. Blue economy activities on both sides of the Mediterranean, such as marine and coastal tourism, fisheries and aquaculture, must play their part in this. We also need to reduce nutrient loss into the sea, address the use of and risks from chemical pesticides, and collect and recycle fishing gear made from plastic.<\/p>\n<p style=\"text-align: justify;\">At present, the EU is working with our Moroccan counterparts in the framework of the BLUEMED pilot initiative for a <em>\u2018healthy, plastic-free Mediterranean Sea\u2019<\/em>. This pilot action involves mapping and assessing actions in place in Mediterranean countries \u2014 both EU and non-EU \u2014 relating to marine plastic pollution so as to promote the circulation of good practices and Research &amp; Innovation actions, as well communication and educations actions. Morocco is also involved in different regional projects on the impacts of plastic pollution and alternatives to single use plastic bags, as well as on developing business models engaging plastics recycling associations and industries.<\/p>\n<p style=\"text-align: justify;\">Additionally, Morocco is one of eight Mediterranean countries joining the SwitchMed Initiative, an initiative funded by the EU, which aims to stimulate the creation of greater business and good-quality employment opportunities, while reducing the environmental footprint of existing economic activities in the Southern Mediterranean. The second phase <em>(SwitchMed II)<\/em> will build upon the results of the first phase, in order to further support and scale up the transition towards sustainable consumption and production practices.<\/p>\n<p style=\"text-align: justify;\"><strong>What is the state of cooperation between the European Union and Morocco in the field of renewable marine energy?<\/strong><\/p>\n<p style=\"text-align: justify;\">The EU has adopted an ambitious strategy for offshore renewable energy with the ambition to multiply the capacity for offshore renewable energy five-fold by 2030 and 30-fold by 2050. While to date, most marine renewable energy projects (primarily offshore wind farms) have been developed in the North Sea, new technologies are opening ways for the development of offshore energy in other areas. The EU is keen to cooperate with Morocco on the development of marine renewable energy for our mutual benefit, given Morocco also has great offshore renewable potential on both its Mediterranean and Atlantic coasts.\u00a0<\/p>\n<figure id=\"attachment_1149\" aria-describedby=\"caption-attachment-1149\" style=\"width: 1922px\" class=\"wp-caption alignright\"><img loading=\"lazy\" decoding=\"async\" class=\"size-full wp-image-1149\" src=\"https:\/\/marine-oceans.com\/en\/wp-content\/uploads\/sites\/3\/2021\/08\/Parlement-europeen.jpg\" alt=\"\" width=\"1922\" height=\"1176\" srcset=\"https:\/\/marine-oceans.com\/en\/wp-content\/uploads\/sites\/3\/2021\/08\/Parlement-europeen.jpg 1922w, https:\/\/marine-oceans.com\/en\/wp-content\/uploads\/sites\/3\/2021\/08\/Parlement-europeen-300x184.jpg 300w, https:\/\/marine-oceans.com\/en\/wp-content\/uploads\/sites\/3\/2021\/08\/Parlement-europeen-1024x627.jpg 1024w, https:\/\/marine-oceans.com\/en\/wp-content\/uploads\/sites\/3\/2021\/08\/Parlement-europeen-768x470.jpg 768w, https:\/\/marine-oceans.com\/en\/wp-content\/uploads\/sites\/3\/2021\/08\/Parlement-europeen-1536x940.jpg 1536w, https:\/\/marine-oceans.com\/en\/wp-content\/uploads\/sites\/3\/2021\/08\/Parlement-europeen-150x92.jpg 150w, https:\/\/marine-oceans.com\/en\/wp-content\/uploads\/sites\/3\/2021\/08\/Parlement-europeen-696x426.jpg 696w, https:\/\/marine-oceans.com\/en\/wp-content\/uploads\/sites\/3\/2021\/08\/Parlement-europeen-1068x653.jpg 1068w, https:\/\/marine-oceans.com\/en\/wp-content\/uploads\/sites\/3\/2021\/08\/Parlement-europeen-1920x1175.jpg 1920w, https:\/\/marine-oceans.com\/en\/wp-content\/uploads\/sites\/3\/2021\/08\/Parlement-europeen-686x420.jpg 686w, https:\/\/marine-oceans.com\/en\/wp-content\/uploads\/sites\/3\/2021\/08\/Parlement-europeen-600x367.jpg 600w\" sizes=\"auto, (max-width: 1922px) 100vw, 1922px\" \/><figcaption id=\"caption-attachment-1149\" class=\"wp-caption-text\"><span style=\"color: #800000;\">The European Parliament in Strasbourg. Photo DR.<\/span><\/figcaption><\/figure>\n<p style=\"text-align: justify;\"><strong>The European Union and Morocco signed an agreement in December 2020, strengthening the involvement of Morocco in the Atlantic Ocean Research Alliance (AROA). What is this agreement and what is at stake?<\/strong><\/p>\n<p style=\"text-align: justify;\">On 8 December 2020, the European Commission and the Moroccan Ministry of National Education, Vocational Training, Higher Education and Scientific Research signed an administrative arrangement on marine research and innovation cooperation, which has its legal basis in the existing EU-Morocco Science and Technology Agreement. We both recognise the key role that the oceans play in developing national and regional economies, achieving the UN Sustainable Development Goals (SDGs) and addressing climate change, biodiversity and food security.<\/p>\n<p style=\"text-align: justify;\">With this administrative arrangement, the EU and Morocco will encourage cooperation to our mutual benefit in key common areas of interest such as climate variability and ecosystem approaches; ocean observation, forecasting and monitoring processes; food security, fisheries management, aquaculture, and biodiversity; ocean technology; and marine pollution. This cooperation may take many forms, including joint organisation of workshops and conferences, the development of scientific and citizens\u2019 networks, the promotion of citizen engagement, and participation in joint researchers or stakeholder engagement activities, among others.<\/p>\n<p style=\"text-align: justify;\">The main platform for Research &amp; Innovation cooperation in the Atlantic is the All-Atlantic Ocean Research Alliance<sup><span style=\"color: #800000;\">(3)<\/span><\/sup>, which brings together the signatories of the Galway Statement (EU, USA and Canada) and the Belem Statement (EU, South Africa and Brazil), as well as all the other countries bordering the Atlantic Ocean, in particular Cabo Verde, Argentina, and now Morocco thanks to this recent administrative arrangement. However, our cooperation is not limited to the Atlantic basin but also includes the Mediterranean Sea, notably through the BlueMed partnership.<\/p>\n<p style=\"text-align: justify;\">The administrative arrangement has already led to several results such as the participation of Minister Saaid Amzazi, Minister of National Education, Vocational Training, Higher Education and Scientific Research, in the All-Atlantic 2021 Ministerial High-Level &amp; Stakeholder Conference, as well as the active contribution of Youth Ambassadors from Morocco, Europe and other Atlantic countries in the event and in the planning of a leg of the Tara <em>\u201cMission Microbiome\u201d<\/em> expedition in Morocco. It also opened the door for Moroccan scientists to become fully associated in the many different ongoing activities of the All Atlantic Ocean Research Alliance.<\/p>\n<hr \/>\n<ol style=\"text-align: justify;\">\n<li><span style=\"color: #800000;\">In 2015, the UN adopted Agenda 2030, which includes 17 Sustainable Development Goals (SDG) to be achieved by that date, mainly to eradicate poverty, protect the planet and ensure prosperity for all.<\/span><\/li>\n<li><span style=\"color: #800000;\">The Project\u00a0<em>Western Mediterranean Region Marine Oil and Highly Noxious Substances Pollution Cooperation<\/em>(West MOPoCo) supports Algeria, France, Italy, Malta, Morocco, Spain and Tunisia in collaboration with Monaco in strengthening their cooperation in the field of preparedness for and response to these pollutions.<\/span><\/li>\n<li><span style=\"color: #800000;\">Involves countries on both sides of the Atlantic Ocean interested in strengthening their cooperation in marine research and innovation along and across the Atlantic, from the Arctic to the Antarctic.<\/span><\/li>\n<\/ol>\n","protected":false},"excerpt":{"rendered":"","protected":false},"author":2,"featured_media":1150,"comment_status":"open","ping_status":"open","sticky":false,"template":"","format":"standard","meta":{"tdm_status":"","tdm_grid_status":"","footnotes":""},"categories":[230],"tags":[],"class_list":{"0":"post-1147","1":"post","2":"type-post","3":"status-publish","4":"format-standard","5":"has-post-thumbnail","7":"category-free-articles-from-previous-issues"},"yoast_head":"<!-- This site is optimized with the Yoast SEO plugin v27.3 - https:\/\/yoast.com\/product\/yoast-seo-wordpress\/ -->\n<title>Interview with Virginijus Sinkevic\u030cius, European Commissioner for the Environment, Ocean and Fisheries - Marine &amp; Oceans EN<\/title>\n<meta name=\"robots\" content=\"index, follow, max-snippet:-1, max-image-preview:large, max-video-preview:-1\" \/>\n<link rel=\"canonical\" href=\"https:\/\/marine-oceans.com\/en\/interview-with-virginijus-sinkevicius-european-commissioner-for-the-environment-ocean-and-fisheries\/\" \/>\n<meta property=\"og:locale\" content=\"en_US\" \/>\n<meta property=\"og:type\" content=\"article\" \/>\n<meta property=\"og:title\" content=\"Interview with Virginijus Sinkevic\u030cius, European Commissioner for the Environment, Ocean and Fisheries - Marine &amp; Oceans EN\" \/>\n<meta property=\"og:url\" content=\"https:\/\/marine-oceans.com\/en\/interview-with-virginijus-sinkevicius-european-commissioner-for-the-environment-ocean-and-fisheries\/\" \/>\n<meta property=\"og:site_name\" content=\"Marine &amp; Oceans EN\" \/>\n<meta property=\"article:author\" content=\"https:\/\/www.facebook.com\/MarineOceans\" \/>\n<meta property=\"article:published_time\" content=\"2021-08-25T13:16:46+00:00\" \/>\n<meta property=\"article:modified_time\" content=\"2021-12-22T18:37:42+00:00\" \/>\n<meta property=\"og:image\" content=\"https:\/\/marine-oceans.com\/en\/wp-content\/uploads\/sites\/3\/2021\/08\/Virginijus-Sinkevic\u030cius.jpg\" \/>\n\t<meta property=\"og:image:width\" content=\"1798\" \/>\n\t<meta property=\"og:image:height\" content=\"993\" \/>\n\t<meta property=\"og:image:type\" content=\"image\/jpeg\" \/>\n<meta name=\"author\" content=\"Marine &amp; Oceans\" \/>\n<meta name=\"twitter:card\" content=\"summary_large_image\" \/>\n<meta name=\"twitter:creator\" content=\"@https:\/\/twitter.com\/MarineOceans\" \/>\n<meta name=\"twitter:label1\" content=\"Written by\" \/>\n\t<meta name=\"twitter:data1\" content=\"Marine &amp; Oceans\" \/>\n\t<meta name=\"twitter:label2\" content=\"Est. reading time\" \/>\n\t<meta name=\"twitter:data2\" content=\"7 minutes\" \/>\n<script type=\"application\/ld+json\" class=\"yoast-schema-graph\">{\"@context\":\"https:\\\/\\\/schema.org\",\"@graph\":[{\"@type\":\"Article\",\"@id\":\"https:\\\/\\\/marine-oceans.com\\\/en\\\/interview-with-virginijus-sinkevicius-european-commissioner-for-the-environment-ocean-and-fisheries\\\/#article\",\"isPartOf\":{\"@id\":\"https:\\\/\\\/marine-oceans.com\\\/en\\\/interview-with-virginijus-sinkevicius-european-commissioner-for-the-environment-ocean-and-fisheries\\\/\"},\"author\":{\"name\":\"Marine &amp; Oceans\",\"@id\":\"https:\\\/\\\/marine-oceans.com\\\/en\\\/#\\\/schema\\\/person\\\/e0465f080093f32d01ff3c75c475dbac\"},\"headline\":\"Interview with Virginijus Sinkevic\u030cius, European Commissioner for the Environment, Ocean and Fisheries\",\"datePublished\":\"2021-08-25T13:16:46+00:00\",\"dateModified\":\"2021-12-22T18:37:42+00:00\",\"mainEntityOfPage\":{\"@id\":\"https:\\\/\\\/marine-oceans.com\\\/en\\\/interview-with-virginijus-sinkevicius-european-commissioner-for-the-environment-ocean-and-fisheries\\\/\"},\"wordCount\":1417,\"commentCount\":0,\"image\":{\"@id\":\"https:\\\/\\\/marine-oceans.com\\\/en\\\/interview-with-virginijus-sinkevicius-european-commissioner-for-the-environment-ocean-and-fisheries\\\/#primaryimage\"},\"thumbnailUrl\":\"https:\\\/\\\/marine-oceans.com\\\/en\\\/wp-content\\\/uploads\\\/sites\\\/3\\\/2021\\\/08\\\/Virginijus-Sinkevic\u030cius.jpg\",\"articleSection\":[\"Free articles from previous issues\"],\"inLanguage\":\"en-US\",\"potentialAction\":[{\"@type\":\"CommentAction\",\"name\":\"Comment\",\"target\":[\"https:\\\/\\\/marine-oceans.com\\\/en\\\/interview-with-virginijus-sinkevicius-european-commissioner-for-the-environment-ocean-and-fisheries\\\/#respond\"]}]},{\"@type\":\"WebPage\",\"@id\":\"https:\\\/\\\/marine-oceans.com\\\/en\\\/interview-with-virginijus-sinkevicius-european-commissioner-for-the-environment-ocean-and-fisheries\\\/\",\"url\":\"https:\\\/\\\/marine-oceans.com\\\/en\\\/interview-with-virginijus-sinkevicius-european-commissioner-for-the-environment-ocean-and-fisheries\\\/\",\"name\":\"Interview with Virginijus Sinkevic\u030cius, European Commissioner for the Environment, Ocean and Fisheries - Marine &amp; Oceans EN\",\"isPartOf\":{\"@id\":\"https:\\\/\\\/marine-oceans.com\\\/en\\\/#website\"},\"primaryImageOfPage\":{\"@id\":\"https:\\\/\\\/marine-oceans.com\\\/en\\\/interview-with-virginijus-sinkevicius-european-commissioner-for-the-environment-ocean-and-fisheries\\\/#primaryimage\"},\"image\":{\"@id\":\"https:\\\/\\\/marine-oceans.com\\\/en\\\/interview-with-virginijus-sinkevicius-european-commissioner-for-the-environment-ocean-and-fisheries\\\/#primaryimage\"},\"thumbnailUrl\":\"https:\\\/\\\/marine-oceans.com\\\/en\\\/wp-content\\\/uploads\\\/sites\\\/3\\\/2021\\\/08\\\/Virginijus-Sinkevic\u030cius.jpg\",\"datePublished\":\"2021-08-25T13:16:46+00:00\",\"dateModified\":\"2021-12-22T18:37:42+00:00\",\"author\":{\"@id\":\"https:\\\/\\\/marine-oceans.com\\\/en\\\/#\\\/schema\\\/person\\\/e0465f080093f32d01ff3c75c475dbac\"},\"breadcrumb\":{\"@id\":\"https:\\\/\\\/marine-oceans.com\\\/en\\\/interview-with-virginijus-sinkevicius-european-commissioner-for-the-environment-ocean-and-fisheries\\\/#breadcrumb\"},\"inLanguage\":\"en-US\",\"potentialAction\":[{\"@type\":\"ReadAction\",\"target\":[\"https:\\\/\\\/marine-oceans.com\\\/en\\\/interview-with-virginijus-sinkevicius-european-commissioner-for-the-environment-ocean-and-fisheries\\\/\"]}]},{\"@type\":\"ImageObject\",\"inLanguage\":\"en-US\",\"@id\":\"https:\\\/\\\/marine-oceans.com\\\/en\\\/interview-with-virginijus-sinkevicius-european-commissioner-for-the-environment-ocean-and-fisheries\\\/#primaryimage\",\"url\":\"https:\\\/\\\/marine-oceans.com\\\/en\\\/wp-content\\\/uploads\\\/sites\\\/3\\\/2021\\\/08\\\/Virginijus-Sinkevic\u030cius.jpg\",\"contentUrl\":\"https:\\\/\\\/marine-oceans.com\\\/en\\\/wp-content\\\/uploads\\\/sites\\\/3\\\/2021\\\/08\\\/Virginijus-Sinkevic\u030cius.jpg\",\"width\":1798,\"height\":993},{\"@type\":\"BreadcrumbList\",\"@id\":\"https:\\\/\\\/marine-oceans.com\\\/en\\\/interview-with-virginijus-sinkevicius-european-commissioner-for-the-environment-ocean-and-fisheries\\\/#breadcrumb\",\"itemListElement\":[{\"@type\":\"ListItem\",\"position\":1,\"name\":\"Accueil\",\"item\":\"https:\\\/\\\/marine-oceans.com\\\/en\\\/\"},{\"@type\":\"ListItem\",\"position\":2,\"name\":\"Interview with Virginijus Sinkevic\u030cius, European Commissioner for the Environment, Ocean and Fisheries\"}]},{\"@type\":\"WebSite\",\"@id\":\"https:\\\/\\\/marine-oceans.com\\\/en\\\/#website\",\"url\":\"https:\\\/\\\/marine-oceans.com\\\/en\\\/\",\"name\":\"Marine &amp; Oceans EN\",\"description\":\"Un site de MARINE &amp; OC\u00c9ANS\",\"potentialAction\":[{\"@type\":\"SearchAction\",\"target\":{\"@type\":\"EntryPoint\",\"urlTemplate\":\"https:\\\/\\\/marine-oceans.com\\\/en\\\/?s={search_term_string}\"},\"query-input\":{\"@type\":\"PropertyValueSpecification\",\"valueRequired\":true,\"valueName\":\"search_term_string\"}}],\"inLanguage\":\"en-US\"},{\"@type\":\"Person\",\"@id\":\"https:\\\/\\\/marine-oceans.com\\\/en\\\/#\\\/schema\\\/person\\\/e0465f080093f32d01ff3c75c475dbac\",\"name\":\"Marine &amp; Oceans\",\"image\":{\"@type\":\"ImageObject\",\"inLanguage\":\"en-US\",\"@id\":\"https:\\\/\\\/secure.gravatar.com\\\/avatar\\\/fea0d6d71c67bc9525e135e53acbe56624fe8d35aadadfde25e4834af8488d5c?s=96&d=mm&r=g\",\"url\":\"https:\\\/\\\/secure.gravatar.com\\\/avatar\\\/fea0d6d71c67bc9525e135e53acbe56624fe8d35aadadfde25e4834af8488d5c?s=96&d=mm&r=g\",\"contentUrl\":\"https:\\\/\\\/secure.gravatar.com\\\/avatar\\\/fea0d6d71c67bc9525e135e53acbe56624fe8d35aadadfde25e4834af8488d5c?s=96&d=mm&r=g\",\"caption\":\"Marine &amp; Oceans\"},\"description\":\"La revue trimestrielle MARINE &amp; OC\u00c9ANS est \u00e9dit\u00e9e par la \\\"Soci\u00e9t\u00e9 Nouvelle des \u00c9ditions Marine et Oc\u00e9ans\\\". Elle a pour objectif de sensibiliser le grand public aux principaux enjeux g\u00e9opolitiques, \u00e9conomiques et environnementaux des mers et des oc\u00e9ans. Informer et expliquer sont les ma\u00eetres mots des contenus propos\u00e9s destin\u00e9s \u00e0 favoriser la compr\u00e9hension d\u2019un milieu fragile. \u00a0 M\u00eame si plus de 90% des \u00e9changes se font par voies maritimes, les mers et les oc\u00e9ans ne sont pas d\u00e9di\u00e9s qu'aux \u00e9changes. Les ressources qu'ils rec\u00e8lent sont \u00e0 l'origine de nouvelles ambitions et, peut-\u00eatre demain, de nouvelles confrontations.\",\"sameAs\":[\"https:\\\/\\\/www.facebook.com\\\/MarineOceans\",\"https:\\\/\\\/www.instagram.com\\\/marineetoceans\\\/\",\"https:\\\/\\\/www.linkedin.com\\\/company\\\/marine-ocans-magazine\\\/\",\"https:\\\/\\\/x.com\\\/https:\\\/\\\/twitter.com\\\/MarineOceans\"],\"url\":\"https:\\\/\\\/marine-oceans.com\\\/en\\\/author\\\/marine-oceans\\\/\"}]}<\/script>\n<!-- \/ Yoast SEO plugin. -->","yoast_head_json":{"title":"Interview with Virginijus Sinkevic\u030cius, European Commissioner for the Environment, Ocean and Fisheries - Marine &amp; Oceans EN","robots":{"index":"index","follow":"follow","max-snippet":"max-snippet:-1","max-image-preview":"max-image-preview:large","max-video-preview":"max-video-preview:-1"},"canonical":"https:\/\/marine-oceans.com\/en\/interview-with-virginijus-sinkevicius-european-commissioner-for-the-environment-ocean-and-fisheries\/","og_locale":"en_US","og_type":"article","og_title":"Interview with Virginijus Sinkevic\u030cius, European Commissioner for the Environment, Ocean and Fisheries - Marine &amp; Oceans EN","og_url":"https:\/\/marine-oceans.com\/en\/interview-with-virginijus-sinkevicius-european-commissioner-for-the-environment-ocean-and-fisheries\/","og_site_name":"Marine &amp; Oceans EN","article_author":"https:\/\/www.facebook.com\/MarineOceans","article_published_time":"2021-08-25T13:16:46+00:00","article_modified_time":"2021-12-22T18:37:42+00:00","og_image":[{"width":1798,"height":993,"url":"https:\/\/marine-oceans.com\/en\/wp-content\/uploads\/sites\/3\/2021\/08\/Virginijus-Sinkevic\u030cius.jpg","type":"image\/jpeg"}],"author":"Marine &amp; Oceans","twitter_card":"summary_large_image","twitter_creator":"@https:\/\/twitter.com\/MarineOceans","twitter_misc":{"Written by":"Marine &amp; Oceans","Est. reading time":"7 minutes"},"schema":{"@context":"https:\/\/schema.org","@graph":[{"@type":"Article","@id":"https:\/\/marine-oceans.com\/en\/interview-with-virginijus-sinkevicius-european-commissioner-for-the-environment-ocean-and-fisheries\/#article","isPartOf":{"@id":"https:\/\/marine-oceans.com\/en\/interview-with-virginijus-sinkevicius-european-commissioner-for-the-environment-ocean-and-fisheries\/"},"author":{"name":"Marine &amp; Oceans","@id":"https:\/\/marine-oceans.com\/en\/#\/schema\/person\/e0465f080093f32d01ff3c75c475dbac"},"headline":"Interview with Virginijus Sinkevic\u030cius, European Commissioner for the Environment, Ocean and Fisheries","datePublished":"2021-08-25T13:16:46+00:00","dateModified":"2021-12-22T18:37:42+00:00","mainEntityOfPage":{"@id":"https:\/\/marine-oceans.com\/en\/interview-with-virginijus-sinkevicius-european-commissioner-for-the-environment-ocean-and-fisheries\/"},"wordCount":1417,"commentCount":0,"image":{"@id":"https:\/\/marine-oceans.com\/en\/interview-with-virginijus-sinkevicius-european-commissioner-for-the-environment-ocean-and-fisheries\/#primaryimage"},"thumbnailUrl":"https:\/\/marine-oceans.com\/en\/wp-content\/uploads\/sites\/3\/2021\/08\/Virginijus-Sinkevic\u030cius.jpg","articleSection":["Free articles from previous issues"],"inLanguage":"en-US","potentialAction":[{"@type":"CommentAction","name":"Comment","target":["https:\/\/marine-oceans.com\/en\/interview-with-virginijus-sinkevicius-european-commissioner-for-the-environment-ocean-and-fisheries\/#respond"]}]},{"@type":"WebPage","@id":"https:\/\/marine-oceans.com\/en\/interview-with-virginijus-sinkevicius-european-commissioner-for-the-environment-ocean-and-fisheries\/","url":"https:\/\/marine-oceans.com\/en\/interview-with-virginijus-sinkevicius-european-commissioner-for-the-environment-ocean-and-fisheries\/","name":"Interview with Virginijus Sinkevic\u030cius, European Commissioner for the Environment, Ocean and Fisheries - Marine &amp; Oceans EN","isPartOf":{"@id":"https:\/\/marine-oceans.com\/en\/#website"},"primaryImageOfPage":{"@id":"https:\/\/marine-oceans.com\/en\/interview-with-virginijus-sinkevicius-european-commissioner-for-the-environment-ocean-and-fisheries\/#primaryimage"},"image":{"@id":"https:\/\/marine-oceans.com\/en\/interview-with-virginijus-sinkevicius-european-commissioner-for-the-environment-ocean-and-fisheries\/#primaryimage"},"thumbnailUrl":"https:\/\/marine-oceans.com\/en\/wp-content\/uploads\/sites\/3\/2021\/08\/Virginijus-Sinkevic\u030cius.jpg","datePublished":"2021-08-25T13:16:46+00:00","dateModified":"2021-12-22T18:37:42+00:00","author":{"@id":"https:\/\/marine-oceans.com\/en\/#\/schema\/person\/e0465f080093f32d01ff3c75c475dbac"},"breadcrumb":{"@id":"https:\/\/marine-oceans.com\/en\/interview-with-virginijus-sinkevicius-european-commissioner-for-the-environment-ocean-and-fisheries\/#breadcrumb"},"inLanguage":"en-US","potentialAction":[{"@type":"ReadAction","target":["https:\/\/marine-oceans.com\/en\/interview-with-virginijus-sinkevicius-european-commissioner-for-the-environment-ocean-and-fisheries\/"]}]},{"@type":"ImageObject","inLanguage":"en-US","@id":"https:\/\/marine-oceans.com\/en\/interview-with-virginijus-sinkevicius-european-commissioner-for-the-environment-ocean-and-fisheries\/#primaryimage","url":"https:\/\/marine-oceans.com\/en\/wp-content\/uploads\/sites\/3\/2021\/08\/Virginijus-Sinkevic\u030cius.jpg","contentUrl":"https:\/\/marine-oceans.com\/en\/wp-content\/uploads\/sites\/3\/2021\/08\/Virginijus-Sinkevic\u030cius.jpg","width":1798,"height":993},{"@type":"BreadcrumbList","@id":"https:\/\/marine-oceans.com\/en\/interview-with-virginijus-sinkevicius-european-commissioner-for-the-environment-ocean-and-fisheries\/#breadcrumb","itemListElement":[{"@type":"ListItem","position":1,"name":"Accueil","item":"https:\/\/marine-oceans.com\/en\/"},{"@type":"ListItem","position":2,"name":"Interview with Virginijus Sinkevic\u030cius, European Commissioner for the Environment, Ocean and Fisheries"}]},{"@type":"WebSite","@id":"https:\/\/marine-oceans.com\/en\/#website","url":"https:\/\/marine-oceans.com\/en\/","name":"Marine &amp; Oceans EN","description":"Un site de MARINE &amp; OC\u00c9ANS","potentialAction":[{"@type":"SearchAction","target":{"@type":"EntryPoint","urlTemplate":"https:\/\/marine-oceans.com\/en\/?s={search_term_string}"},"query-input":{"@type":"PropertyValueSpecification","valueRequired":true,"valueName":"search_term_string"}}],"inLanguage":"en-US"},{"@type":"Person","@id":"https:\/\/marine-oceans.com\/en\/#\/schema\/person\/e0465f080093f32d01ff3c75c475dbac","name":"Marine &amp; Oceans","image":{"@type":"ImageObject","inLanguage":"en-US","@id":"https:\/\/secure.gravatar.com\/avatar\/fea0d6d71c67bc9525e135e53acbe56624fe8d35aadadfde25e4834af8488d5c?s=96&d=mm&r=g","url":"https:\/\/secure.gravatar.com\/avatar\/fea0d6d71c67bc9525e135e53acbe56624fe8d35aadadfde25e4834af8488d5c?s=96&d=mm&r=g","contentUrl":"https:\/\/secure.gravatar.com\/avatar\/fea0d6d71c67bc9525e135e53acbe56624fe8d35aadadfde25e4834af8488d5c?s=96&d=mm&r=g","caption":"Marine &amp; Oceans"},"description":"La revue trimestrielle MARINE &amp; OC\u00c9ANS est \u00e9dit\u00e9e par la \"Soci\u00e9t\u00e9 Nouvelle des \u00c9ditions Marine et Oc\u00e9ans\". Elle a pour objectif de sensibiliser le grand public aux principaux enjeux g\u00e9opolitiques, \u00e9conomiques et environnementaux des mers et des oc\u00e9ans. Informer et expliquer sont les ma\u00eetres mots des contenus propos\u00e9s destin\u00e9s \u00e0 favoriser la compr\u00e9hension d\u2019un milieu fragile. \u00a0 M\u00eame si plus de 90% des \u00e9changes se font par voies maritimes, les mers et les oc\u00e9ans ne sont pas d\u00e9di\u00e9s qu'aux \u00e9changes. Les ressources qu'ils rec\u00e8lent sont \u00e0 l'origine de nouvelles ambitions et, peut-\u00eatre demain, de nouvelles confrontations.","sameAs":["https:\/\/www.facebook.com\/MarineOceans","https:\/\/www.instagram.com\/marineetoceans\/","https:\/\/www.linkedin.com\/company\/marine-ocans-magazine\/","https:\/\/x.com\/https:\/\/twitter.com\/MarineOceans"],"url":"https:\/\/marine-oceans.com\/en\/author\/marine-oceans\/"}]}},"_links":{"self":[{"href":"https:\/\/marine-oceans.com\/en\/wp-json\/wp\/v2\/posts\/1147","targetHints":{"allow":["GET"]}}],"collection":[{"href":"https:\/\/marine-oceans.com\/en\/wp-json\/wp\/v2\/posts"}],"about":[{"href":"https:\/\/marine-oceans.com\/en\/wp-json\/wp\/v2\/types\/post"}],"author":[{"embeddable":true,"href":"https:\/\/marine-oceans.com\/en\/wp-json\/wp\/v2\/users\/2"}],"replies":[{"embeddable":true,"href":"https:\/\/marine-oceans.com\/en\/wp-json\/wp\/v2\/comments?post=1147"}],"version-history":[{"count":2,"href":"https:\/\/marine-oceans.com\/en\/wp-json\/wp\/v2\/posts\/1147\/revisions"}],"predecessor-version":[{"id":1165,"href":"https:\/\/marine-oceans.com\/en\/wp-json\/wp\/v2\/posts\/1147\/revisions\/1165"}],"wp:featuredmedia":[{"embeddable":true,"href":"https:\/\/marine-oceans.com\/en\/wp-json\/wp\/v2\/media\/1150"}],"wp:attachment":[{"href":"https:\/\/marine-oceans.com\/en\/wp-json\/wp\/v2\/media?parent=1147"}],"wp:term":[{"taxonomy":"category","embeddable":true,"href":"https:\/\/marine-oceans.com\/en\/wp-json\/wp\/v2\/categories?post=1147"},{"taxonomy":"post_tag","embeddable":true,"href":"https:\/\/marine-oceans.com\/en\/wp-json\/wp\/v2\/tags?post=1147"}],"curies":[{"name":"wp","href":"https:\/\/api.w.org\/{rel}","templated":true}]}}