{"id":1402,"date":"2023-02-11T12:13:50","date_gmt":"2023-02-11T11:13:50","guid":{"rendered":"https:\/\/marine-oceans.com\/en\/?p=1402"},"modified":"2023-02-11T12:14:26","modified_gmt":"2023-02-11T11:14:26","slug":"interview-with-steven-e-koonin-former-scientific-advisor-to-barak-obama","status":"publish","type":"post","link":"https:\/\/marine-oceans.com\/en\/interview-with-steven-e-koonin-former-scientific-advisor-to-barak-obama\/","title":{"rendered":"Interview with Steven E. Koonin, former scientific advisor to Barak Obama"},"content":{"rendered":"\n<p style=\"text-align: center;\"><span style=\"font-size: 14pt;\"><em><strong>\u201cObserved changes need to be put <\/strong><strong style=\"color: initial;\">into proper historical context\u201d<\/strong><strong>\u00a0<\/strong><\/em><\/span><\/p>\n<p style=\"text-align: center;\"><strong>Interview <\/strong><strong>by <\/strong><strong>Erwan Sterenn<\/strong><\/p>\n<p style=\"text-align: center;\">* * *<\/p>\n<p style=\"text-align: justify;\"><strong>What is the &#8220;certainty part&#8221; that we, as laymen, must have on this so important subject of the climate which is at the heart of all debates?<\/strong><\/p>\n<p style=\"text-align: justify;\">There are different certainties about different issues. It is quite certain that the climate is changing and that humans are exerting a warming influence in those changes. How and how much the climate will change in the future under growing human influences is less certain. And the impacts of those future changes on ecosystems and society are even less certain.<\/p>\n<p>\u00a0<\/p>\n<p style=\"text-align: justify;\"><strong>According to you, the IPCC has &#8220;moderated its estimate of climate sensitivity&#8221; in its latest report. What do you mean?<\/strong><\/p>\n<p style=\"text-align: justify;\">The climate sensitivity is the defined as how much the global temperature would rise is the concentration of CO2 in the atmosphere were double its pre-industrial value. Prior to the most recent IPCC report (AR6, released in August 2021), the likely range was given as between 1.5 C and 4.5C, an estimate that had been essentially unchanged for four decades. AR6 narrowed that range to between 2.5 C and 4 C. As significantly, the report regards the most extreme scenarios for future emissions as unlikely, resulting in a likely temperature rise of some 2.7C above pre-industrial (1.5 C above today), significantly smaller than previous estimates.<\/p>\n<p>\u00a0<\/p>\n<p style=\"text-align: justify;\"><strong>Aren&#8217;t coral bleaching or the melting of polar ice, to name but a few, benchmark indicators of profound change?<\/strong><\/p>\n<p style=\"text-align: justify;\">Short-term changes like these might seem alarming, but climate is a multidecade average. Because there here has been substantial variability even when human influences were much smaller or absent, observed changes need to be put into proper historical context, lest we be fooled. With respect to the two examples you cite:\u00a0Despite well-publicized mass bleaching events in the past decade, Australia\u2019s Great Barrier Reef has, for the past two years, shown the greatest coral coverage since record keeping began 36 years ago; This year, Northern Hemisphere snow extent is among the highest in 56 years of record keeping, and Greenland\u2019s annual ice loss is not more rapid than it was eight decades ago.\u00a0<\/p>\n<p>\u00a0<\/p>\n<p style=\"text-align: justify;\"><strong>There are now officially eight billion human beings on the planet. What impact will this have on greenhouse gas emissions and the climate?<\/strong><\/p>\n<p style=\"text-align: justify;\">We can expect that greenhouse gas emissions will continue for the next several decades, if not beyond. Some 6.5 billion people in the developing world do not have adequate energy and it is immoral for those of us in the developed world to discourage them from securing that energy. Fossil fuels are the most reliable and convenient way to get the developing world the energy they need to improve their lives.<\/p>\n<p>\u00a0<\/p>\n<p style=\"text-align: justify;\"><strong>What concrete measures should be taken on the subject of climate change and what realistic objectives should be met?<\/strong><\/p>\n<p style=\"text-align: justify;\">First, we should cancel the \u201cclimate crisis\u201d. The best science says there is no urgent, existential threat. But we should acknowledge the task of reducing human influences on the climate. Second, we need to formulate a graceful decarbonization pathway that respects energy security and affordability. That will require integration of technology development, economics, regulation, and behavior. An important element of that plan will be to develop lower-cost emissions-lite technologies, including nuclear fission, storage for the electrical grid, and non-carbon chemical fuels. Finally, we need a greater focus on adaptation, particularly promoting development and resilience in the poorer countries.\u00a0<\/p>\n<hr \/>\n<p><span style=\"color: #800000;\">Steven E. Koonin is an American theoretical physicist. From 2009 to 2011, he was, among others, Under Secretary for Science, Department of Energy, in the Obama administration.<\/span> \u00a0<\/p>\n","protected":false},"excerpt":{"rendered":"","protected":false},"author":2,"featured_media":1403,"comment_status":"open","ping_status":"open","sticky":false,"template":"","format":"standard","meta":{"tdm_status":"","tdm_grid_status":"","footnotes":""},"categories":[47],"tags":[],"class_list":{"0":"post-1402","1":"post","2":"type-post","3":"status-publish","4":"format-standard","5":"has-post-thumbnail","7":"category-selection-of-the-current-issue"},"yoast_head":"<!-- This site is optimized with the Yoast SEO plugin v27.3 - https:\/\/yoast.com\/product\/yoast-seo-wordpress\/ -->\n<title>Interview with Steven E. Koonin, former scientific advisor to Barak Obama - Marine &amp; Oceans EN<\/title>\n<meta name=\"robots\" content=\"index, follow, max-snippet:-1, max-image-preview:large, max-video-preview:-1\" \/>\n<link rel=\"canonical\" href=\"https:\/\/marine-oceans.com\/en\/interview-with-steven-e-koonin-former-scientific-advisor-to-barak-obama\/\" \/>\n<meta property=\"og:locale\" content=\"en_US\" \/>\n<meta property=\"og:type\" content=\"article\" \/>\n<meta property=\"og:title\" content=\"Interview with Steven E. Koonin, former scientific advisor to Barak Obama - Marine &amp; Oceans EN\" \/>\n<meta property=\"og:url\" content=\"https:\/\/marine-oceans.com\/en\/interview-with-steven-e-koonin-former-scientific-advisor-to-barak-obama\/\" \/>\n<meta property=\"og:site_name\" content=\"Marine &amp; Oceans EN\" \/>\n<meta property=\"article:author\" content=\"https:\/\/www.facebook.com\/MarineOceans\" \/>\n<meta property=\"article:published_time\" content=\"2023-02-11T11:13:50+00:00\" \/>\n<meta property=\"article:modified_time\" content=\"2023-02-11T11:14:26+00:00\" \/>\n<meta property=\"og:image\" content=\"https:\/\/marine-oceans.com\/en\/wp-content\/uploads\/sites\/3\/2023\/02\/Koonin-headshot-color-Credit-Kelly-Kollar.jpg\" \/>\n\t<meta property=\"og:image:width\" content=\"1733\" \/>\n\t<meta property=\"og:image:height\" content=\"1147\" \/>\n\t<meta property=\"og:image:type\" content=\"image\/jpeg\" \/>\n<meta name=\"author\" content=\"Marine &amp; Oceans\" \/>\n<meta name=\"twitter:card\" content=\"summary_large_image\" \/>\n<meta name=\"twitter:creator\" content=\"@https:\/\/twitter.com\/MarineOceans\" \/>\n<meta name=\"twitter:label1\" content=\"Written by\" \/>\n\t<meta name=\"twitter:data1\" content=\"Marine &amp; Oceans\" \/>\n\t<meta name=\"twitter:label2\" content=\"Est. reading time\" \/>\n\t<meta name=\"twitter:data2\" content=\"3 minutes\" \/>\n<script type=\"application\/ld+json\" class=\"yoast-schema-graph\">{\"@context\":\"https:\\\/\\\/schema.org\",\"@graph\":[{\"@type\":\"Article\",\"@id\":\"https:\\\/\\\/marine-oceans.com\\\/en\\\/interview-with-steven-e-koonin-former-scientific-advisor-to-barak-obama\\\/#article\",\"isPartOf\":{\"@id\":\"https:\\\/\\\/marine-oceans.com\\\/en\\\/interview-with-steven-e-koonin-former-scientific-advisor-to-barak-obama\\\/\"},\"author\":{\"name\":\"Marine &amp; Oceans\",\"@id\":\"https:\\\/\\\/marine-oceans.com\\\/en\\\/#\\\/schema\\\/person\\\/e0465f080093f32d01ff3c75c475dbac\"},\"headline\":\"Interview with Steven E. Koonin, former scientific advisor to Barak Obama\",\"datePublished\":\"2023-02-11T11:13:50+00:00\",\"dateModified\":\"2023-02-11T11:14:26+00:00\",\"mainEntityOfPage\":{\"@id\":\"https:\\\/\\\/marine-oceans.com\\\/en\\\/interview-with-steven-e-koonin-former-scientific-advisor-to-barak-obama\\\/\"},\"wordCount\":600,\"commentCount\":0,\"image\":{\"@id\":\"https:\\\/\\\/marine-oceans.com\\\/en\\\/interview-with-steven-e-koonin-former-scientific-advisor-to-barak-obama\\\/#primaryimage\"},\"thumbnailUrl\":\"https:\\\/\\\/marine-oceans.com\\\/en\\\/wp-content\\\/uploads\\\/sites\\\/3\\\/2023\\\/02\\\/Koonin-headshot-color-Credit-Kelly-Kollar.jpg\",\"articleSection\":[\"SELECTION OF THE CURRENT ISSUE\"],\"inLanguage\":\"en-US\",\"potentialAction\":[{\"@type\":\"CommentAction\",\"name\":\"Comment\",\"target\":[\"https:\\\/\\\/marine-oceans.com\\\/en\\\/interview-with-steven-e-koonin-former-scientific-advisor-to-barak-obama\\\/#respond\"]}]},{\"@type\":\"WebPage\",\"@id\":\"https:\\\/\\\/marine-oceans.com\\\/en\\\/interview-with-steven-e-koonin-former-scientific-advisor-to-barak-obama\\\/\",\"url\":\"https:\\\/\\\/marine-oceans.com\\\/en\\\/interview-with-steven-e-koonin-former-scientific-advisor-to-barak-obama\\\/\",\"name\":\"Interview with Steven E. Koonin, former scientific advisor to Barak Obama - Marine &amp; Oceans EN\",\"isPartOf\":{\"@id\":\"https:\\\/\\\/marine-oceans.com\\\/en\\\/#website\"},\"primaryImageOfPage\":{\"@id\":\"https:\\\/\\\/marine-oceans.com\\\/en\\\/interview-with-steven-e-koonin-former-scientific-advisor-to-barak-obama\\\/#primaryimage\"},\"image\":{\"@id\":\"https:\\\/\\\/marine-oceans.com\\\/en\\\/interview-with-steven-e-koonin-former-scientific-advisor-to-barak-obama\\\/#primaryimage\"},\"thumbnailUrl\":\"https:\\\/\\\/marine-oceans.com\\\/en\\\/wp-content\\\/uploads\\\/sites\\\/3\\\/2023\\\/02\\\/Koonin-headshot-color-Credit-Kelly-Kollar.jpg\",\"datePublished\":\"2023-02-11T11:13:50+00:00\",\"dateModified\":\"2023-02-11T11:14:26+00:00\",\"author\":{\"@id\":\"https:\\\/\\\/marine-oceans.com\\\/en\\\/#\\\/schema\\\/person\\\/e0465f080093f32d01ff3c75c475dbac\"},\"breadcrumb\":{\"@id\":\"https:\\\/\\\/marine-oceans.com\\\/en\\\/interview-with-steven-e-koonin-former-scientific-advisor-to-barak-obama\\\/#breadcrumb\"},\"inLanguage\":\"en-US\",\"potentialAction\":[{\"@type\":\"ReadAction\",\"target\":[\"https:\\\/\\\/marine-oceans.com\\\/en\\\/interview-with-steven-e-koonin-former-scientific-advisor-to-barak-obama\\\/\"]}]},{\"@type\":\"ImageObject\",\"inLanguage\":\"en-US\",\"@id\":\"https:\\\/\\\/marine-oceans.com\\\/en\\\/interview-with-steven-e-koonin-former-scientific-advisor-to-barak-obama\\\/#primaryimage\",\"url\":\"https:\\\/\\\/marine-oceans.com\\\/en\\\/wp-content\\\/uploads\\\/sites\\\/3\\\/2023\\\/02\\\/Koonin-headshot-color-Credit-Kelly-Kollar.jpg\",\"contentUrl\":\"https:\\\/\\\/marine-oceans.com\\\/en\\\/wp-content\\\/uploads\\\/sites\\\/3\\\/2023\\\/02\\\/Koonin-headshot-color-Credit-Kelly-Kollar.jpg\",\"width\":1733,\"height\":1147},{\"@type\":\"BreadcrumbList\",\"@id\":\"https:\\\/\\\/marine-oceans.com\\\/en\\\/interview-with-steven-e-koonin-former-scientific-advisor-to-barak-obama\\\/#breadcrumb\",\"itemListElement\":[{\"@type\":\"ListItem\",\"position\":1,\"name\":\"Accueil\",\"item\":\"https:\\\/\\\/marine-oceans.com\\\/en\\\/\"},{\"@type\":\"ListItem\",\"position\":2,\"name\":\"Interview with Steven E. Koonin, former scientific advisor to Barak Obama\"}]},{\"@type\":\"WebSite\",\"@id\":\"https:\\\/\\\/marine-oceans.com\\\/en\\\/#website\",\"url\":\"https:\\\/\\\/marine-oceans.com\\\/en\\\/\",\"name\":\"Marine &amp; Oceans EN\",\"description\":\"Un site de MARINE &amp; OC\u00c9ANS\",\"potentialAction\":[{\"@type\":\"SearchAction\",\"target\":{\"@type\":\"EntryPoint\",\"urlTemplate\":\"https:\\\/\\\/marine-oceans.com\\\/en\\\/?s={search_term_string}\"},\"query-input\":{\"@type\":\"PropertyValueSpecification\",\"valueRequired\":true,\"valueName\":\"search_term_string\"}}],\"inLanguage\":\"en-US\"},{\"@type\":\"Person\",\"@id\":\"https:\\\/\\\/marine-oceans.com\\\/en\\\/#\\\/schema\\\/person\\\/e0465f080093f32d01ff3c75c475dbac\",\"name\":\"Marine &amp; Oceans\",\"image\":{\"@type\":\"ImageObject\",\"inLanguage\":\"en-US\",\"@id\":\"https:\\\/\\\/secure.gravatar.com\\\/avatar\\\/fea0d6d71c67bc9525e135e53acbe56624fe8d35aadadfde25e4834af8488d5c?s=96&d=mm&r=g\",\"url\":\"https:\\\/\\\/secure.gravatar.com\\\/avatar\\\/fea0d6d71c67bc9525e135e53acbe56624fe8d35aadadfde25e4834af8488d5c?s=96&d=mm&r=g\",\"contentUrl\":\"https:\\\/\\\/secure.gravatar.com\\\/avatar\\\/fea0d6d71c67bc9525e135e53acbe56624fe8d35aadadfde25e4834af8488d5c?s=96&d=mm&r=g\",\"caption\":\"Marine &amp; Oceans\"},\"description\":\"La revue trimestrielle MARINE &amp; OC\u00c9ANS est \u00e9dit\u00e9e par la \\\"Soci\u00e9t\u00e9 Nouvelle des \u00c9ditions Marine et Oc\u00e9ans\\\". Elle a pour objectif de sensibiliser le grand public aux principaux enjeux g\u00e9opolitiques, \u00e9conomiques et environnementaux des mers et des oc\u00e9ans. Informer et expliquer sont les ma\u00eetres mots des contenus propos\u00e9s destin\u00e9s \u00e0 favoriser la compr\u00e9hension d\u2019un milieu fragile. \u00a0 M\u00eame si plus de 90% des \u00e9changes se font par voies maritimes, les mers et les oc\u00e9ans ne sont pas d\u00e9di\u00e9s qu'aux \u00e9changes. Les ressources qu'ils rec\u00e8lent sont \u00e0 l'origine de nouvelles ambitions et, peut-\u00eatre demain, de nouvelles confrontations.\",\"sameAs\":[\"https:\\\/\\\/www.facebook.com\\\/MarineOceans\",\"https:\\\/\\\/www.instagram.com\\\/marineetoceans\\\/\",\"https:\\\/\\\/www.linkedin.com\\\/company\\\/marine-ocans-magazine\\\/\",\"https:\\\/\\\/x.com\\\/https:\\\/\\\/twitter.com\\\/MarineOceans\"],\"url\":\"https:\\\/\\\/marine-oceans.com\\\/en\\\/author\\\/marine-oceans\\\/\"}]}<\/script>\n<!-- \/ Yoast SEO plugin. -->","yoast_head_json":{"title":"Interview with Steven E. Koonin, former scientific advisor to Barak Obama - Marine &amp; Oceans EN","robots":{"index":"index","follow":"follow","max-snippet":"max-snippet:-1","max-image-preview":"max-image-preview:large","max-video-preview":"max-video-preview:-1"},"canonical":"https:\/\/marine-oceans.com\/en\/interview-with-steven-e-koonin-former-scientific-advisor-to-barak-obama\/","og_locale":"en_US","og_type":"article","og_title":"Interview with Steven E. Koonin, former scientific advisor to Barak Obama - Marine &amp; Oceans EN","og_url":"https:\/\/marine-oceans.com\/en\/interview-with-steven-e-koonin-former-scientific-advisor-to-barak-obama\/","og_site_name":"Marine &amp; Oceans EN","article_author":"https:\/\/www.facebook.com\/MarineOceans","article_published_time":"2023-02-11T11:13:50+00:00","article_modified_time":"2023-02-11T11:14:26+00:00","og_image":[{"width":1733,"height":1147,"url":"https:\/\/marine-oceans.com\/en\/wp-content\/uploads\/sites\/3\/2023\/02\/Koonin-headshot-color-Credit-Kelly-Kollar.jpg","type":"image\/jpeg"}],"author":"Marine &amp; Oceans","twitter_card":"summary_large_image","twitter_creator":"@https:\/\/twitter.com\/MarineOceans","twitter_misc":{"Written by":"Marine &amp; Oceans","Est. reading time":"3 minutes"},"schema":{"@context":"https:\/\/schema.org","@graph":[{"@type":"Article","@id":"https:\/\/marine-oceans.com\/en\/interview-with-steven-e-koonin-former-scientific-advisor-to-barak-obama\/#article","isPartOf":{"@id":"https:\/\/marine-oceans.com\/en\/interview-with-steven-e-koonin-former-scientific-advisor-to-barak-obama\/"},"author":{"name":"Marine &amp; Oceans","@id":"https:\/\/marine-oceans.com\/en\/#\/schema\/person\/e0465f080093f32d01ff3c75c475dbac"},"headline":"Interview with Steven E. Koonin, former scientific advisor to Barak Obama","datePublished":"2023-02-11T11:13:50+00:00","dateModified":"2023-02-11T11:14:26+00:00","mainEntityOfPage":{"@id":"https:\/\/marine-oceans.com\/en\/interview-with-steven-e-koonin-former-scientific-advisor-to-barak-obama\/"},"wordCount":600,"commentCount":0,"image":{"@id":"https:\/\/marine-oceans.com\/en\/interview-with-steven-e-koonin-former-scientific-advisor-to-barak-obama\/#primaryimage"},"thumbnailUrl":"https:\/\/marine-oceans.com\/en\/wp-content\/uploads\/sites\/3\/2023\/02\/Koonin-headshot-color-Credit-Kelly-Kollar.jpg","articleSection":["SELECTION OF THE CURRENT ISSUE"],"inLanguage":"en-US","potentialAction":[{"@type":"CommentAction","name":"Comment","target":["https:\/\/marine-oceans.com\/en\/interview-with-steven-e-koonin-former-scientific-advisor-to-barak-obama\/#respond"]}]},{"@type":"WebPage","@id":"https:\/\/marine-oceans.com\/en\/interview-with-steven-e-koonin-former-scientific-advisor-to-barak-obama\/","url":"https:\/\/marine-oceans.com\/en\/interview-with-steven-e-koonin-former-scientific-advisor-to-barak-obama\/","name":"Interview with Steven E. Koonin, former scientific advisor to Barak Obama - Marine &amp; Oceans EN","isPartOf":{"@id":"https:\/\/marine-oceans.com\/en\/#website"},"primaryImageOfPage":{"@id":"https:\/\/marine-oceans.com\/en\/interview-with-steven-e-koonin-former-scientific-advisor-to-barak-obama\/#primaryimage"},"image":{"@id":"https:\/\/marine-oceans.com\/en\/interview-with-steven-e-koonin-former-scientific-advisor-to-barak-obama\/#primaryimage"},"thumbnailUrl":"https:\/\/marine-oceans.com\/en\/wp-content\/uploads\/sites\/3\/2023\/02\/Koonin-headshot-color-Credit-Kelly-Kollar.jpg","datePublished":"2023-02-11T11:13:50+00:00","dateModified":"2023-02-11T11:14:26+00:00","author":{"@id":"https:\/\/marine-oceans.com\/en\/#\/schema\/person\/e0465f080093f32d01ff3c75c475dbac"},"breadcrumb":{"@id":"https:\/\/marine-oceans.com\/en\/interview-with-steven-e-koonin-former-scientific-advisor-to-barak-obama\/#breadcrumb"},"inLanguage":"en-US","potentialAction":[{"@type":"ReadAction","target":["https:\/\/marine-oceans.com\/en\/interview-with-steven-e-koonin-former-scientific-advisor-to-barak-obama\/"]}]},{"@type":"ImageObject","inLanguage":"en-US","@id":"https:\/\/marine-oceans.com\/en\/interview-with-steven-e-koonin-former-scientific-advisor-to-barak-obama\/#primaryimage","url":"https:\/\/marine-oceans.com\/en\/wp-content\/uploads\/sites\/3\/2023\/02\/Koonin-headshot-color-Credit-Kelly-Kollar.jpg","contentUrl":"https:\/\/marine-oceans.com\/en\/wp-content\/uploads\/sites\/3\/2023\/02\/Koonin-headshot-color-Credit-Kelly-Kollar.jpg","width":1733,"height":1147},{"@type":"BreadcrumbList","@id":"https:\/\/marine-oceans.com\/en\/interview-with-steven-e-koonin-former-scientific-advisor-to-barak-obama\/#breadcrumb","itemListElement":[{"@type":"ListItem","position":1,"name":"Accueil","item":"https:\/\/marine-oceans.com\/en\/"},{"@type":"ListItem","position":2,"name":"Interview with Steven E. Koonin, former scientific advisor to Barak Obama"}]},{"@type":"WebSite","@id":"https:\/\/marine-oceans.com\/en\/#website","url":"https:\/\/marine-oceans.com\/en\/","name":"Marine &amp; Oceans EN","description":"Un site de MARINE &amp; OC\u00c9ANS","potentialAction":[{"@type":"SearchAction","target":{"@type":"EntryPoint","urlTemplate":"https:\/\/marine-oceans.com\/en\/?s={search_term_string}"},"query-input":{"@type":"PropertyValueSpecification","valueRequired":true,"valueName":"search_term_string"}}],"inLanguage":"en-US"},{"@type":"Person","@id":"https:\/\/marine-oceans.com\/en\/#\/schema\/person\/e0465f080093f32d01ff3c75c475dbac","name":"Marine &amp; Oceans","image":{"@type":"ImageObject","inLanguage":"en-US","@id":"https:\/\/secure.gravatar.com\/avatar\/fea0d6d71c67bc9525e135e53acbe56624fe8d35aadadfde25e4834af8488d5c?s=96&d=mm&r=g","url":"https:\/\/secure.gravatar.com\/avatar\/fea0d6d71c67bc9525e135e53acbe56624fe8d35aadadfde25e4834af8488d5c?s=96&d=mm&r=g","contentUrl":"https:\/\/secure.gravatar.com\/avatar\/fea0d6d71c67bc9525e135e53acbe56624fe8d35aadadfde25e4834af8488d5c?s=96&d=mm&r=g","caption":"Marine &amp; Oceans"},"description":"La revue trimestrielle MARINE &amp; OC\u00c9ANS est \u00e9dit\u00e9e par la \"Soci\u00e9t\u00e9 Nouvelle des \u00c9ditions Marine et Oc\u00e9ans\". Elle a pour objectif de sensibiliser le grand public aux principaux enjeux g\u00e9opolitiques, \u00e9conomiques et environnementaux des mers et des oc\u00e9ans. Informer et expliquer sont les ma\u00eetres mots des contenus propos\u00e9s destin\u00e9s \u00e0 favoriser la compr\u00e9hension d\u2019un milieu fragile. \u00a0 M\u00eame si plus de 90% des \u00e9changes se font par voies maritimes, les mers et les oc\u00e9ans ne sont pas d\u00e9di\u00e9s qu'aux \u00e9changes. Les ressources qu'ils rec\u00e8lent sont \u00e0 l'origine de nouvelles ambitions et, peut-\u00eatre demain, de nouvelles confrontations.","sameAs":["https:\/\/www.facebook.com\/MarineOceans","https:\/\/www.instagram.com\/marineetoceans\/","https:\/\/www.linkedin.com\/company\/marine-ocans-magazine\/","https:\/\/x.com\/https:\/\/twitter.com\/MarineOceans"],"url":"https:\/\/marine-oceans.com\/en\/author\/marine-oceans\/"}]}},"_links":{"self":[{"href":"https:\/\/marine-oceans.com\/en\/wp-json\/wp\/v2\/posts\/1402","targetHints":{"allow":["GET"]}}],"collection":[{"href":"https:\/\/marine-oceans.com\/en\/wp-json\/wp\/v2\/posts"}],"about":[{"href":"https:\/\/marine-oceans.com\/en\/wp-json\/wp\/v2\/types\/post"}],"author":[{"embeddable":true,"href":"https:\/\/marine-oceans.com\/en\/wp-json\/wp\/v2\/users\/2"}],"replies":[{"embeddable":true,"href":"https:\/\/marine-oceans.com\/en\/wp-json\/wp\/v2\/comments?post=1402"}],"version-history":[{"count":2,"href":"https:\/\/marine-oceans.com\/en\/wp-json\/wp\/v2\/posts\/1402\/revisions"}],"predecessor-version":[{"id":1405,"href":"https:\/\/marine-oceans.com\/en\/wp-json\/wp\/v2\/posts\/1402\/revisions\/1405"}],"wp:featuredmedia":[{"embeddable":true,"href":"https:\/\/marine-oceans.com\/en\/wp-json\/wp\/v2\/media\/1403"}],"wp:attachment":[{"href":"https:\/\/marine-oceans.com\/en\/wp-json\/wp\/v2\/media?parent=1402"}],"wp:term":[{"taxonomy":"category","embeddable":true,"href":"https:\/\/marine-oceans.com\/en\/wp-json\/wp\/v2\/categories?post=1402"},{"taxonomy":"post_tag","embeddable":true,"href":"https:\/\/marine-oceans.com\/en\/wp-json\/wp\/v2\/tags?post=1402"}],"curies":[{"name":"wp","href":"https:\/\/api.w.org\/{rel}","templated":true}]}}